{"id":427,"date":"2020-04-28T16:39:02","date_gmt":"2020-04-28T14:39:02","guid":{"rendered":"http:\/\/ehpad-rochefort-en-terre.com\/?p=427"},"modified":"2022-01-24T16:48:53","modified_gmt":"2022-01-24T15:48:53","slug":"le-muguet-est-arrive","status":"publish","type":"post","link":"https:\/\/ehpad-rochefort-en-terre.com\/index.php\/2020\/04\/28\/le-muguet-est-arrive\/","title":{"rendered":"Le muguet est arriv\u00e9"},"content":{"rendered":"\n<p>Le 1er mai arrive, chaque r\u00e9sident a re\u00e7u son brin de muguet offert par Anita de l&rsquo;accueil de jour, Gwena\u00eblle, notre psychologue et des habitants de Pluherlin.<\/p>\n\n\n\n<p>Quel bonheur pour les  r\u00e9sidents <\/p>\n\n\n\n<blockquote class=\"wp-block-quote is-layout-flow wp-block-quote-is-layout-flow\"><p>Mme L. nous dit : \u00ab\u00a0Vous m&rsquo;avez gu\u00e9rie, vous avez mis du bonheur dans mon c\u0153ur\u00a0\u00bb<\/p><\/blockquote>\n\n\n\n<figure class=\"wp-block-gallery columns-3 is-cropped wp-block-gallery-1 is-layout-flex wp-block-gallery-is-layout-flex\"><ul class=\"blocks-gallery-grid\"><li class=\"blocks-gallery-item\"><figure><img loading=\"lazy\" decoding=\"async\" width=\"768\" height=\"1024\" src=\"https:\/\/ehpad-rochefort-en-terre.com\/wp-content\/uploads\/2020\/04\/Mme-LANOE-768x1024.jpg\" alt=\"\" data-id=\"430\" data-full-url=\"https:\/\/ehpad-rochefort-en-terre.com\/wp-content\/uploads\/2020\/04\/Mme-LANOE.jpg\" data-link=\"https:\/\/ehpad-rochefort-en-terre.com\/?attachment_id=430\" class=\"wp-image-430\" srcset=\"https:\/\/ehpad-rochefort-en-terre.com\/wp-content\/uploads\/2020\/04\/Mme-LANOE-768x1024.jpg 768w, https:\/\/ehpad-rochefort-en-terre.com\/wp-content\/uploads\/2020\/04\/Mme-LANOE-225x300.jpg 225w, https:\/\/ehpad-rochefort-en-terre.com\/wp-content\/uploads\/2020\/04\/Mme-LANOE-1152x1536.jpg 1152w, https:\/\/ehpad-rochefort-en-terre.com\/wp-content\/uploads\/2020\/04\/Mme-LANOE.jpg 1200w\" sizes=\"auto, (max-width: 768px) 100vw, 768px\" \/><\/figure><\/li><li class=\"blocks-gallery-item\"><figure><img loading=\"lazy\" decoding=\"async\" width=\"1024\" height=\"685\" src=\"https:\/\/ehpad-rochefort-en-terre.com\/wp-content\/uploads\/2020\/04\/Mme-ROLLAND-1024x685.jpg\" alt=\"\" data-id=\"440\" data-full-url=\"https:\/\/ehpad-rochefort-en-terre.com\/wp-content\/uploads\/2020\/04\/Mme-ROLLAND-scaled.jpg\" data-link=\"https:\/\/ehpad-rochefort-en-terre.com\/?attachment_id=440\" class=\"wp-image-440\" srcset=\"https:\/\/ehpad-rochefort-en-terre.com\/wp-content\/uploads\/2020\/04\/Mme-ROLLAND-1024x685.jpg 1024w, https:\/\/ehpad-rochefort-en-terre.com\/wp-content\/uploads\/2020\/04\/Mme-ROLLAND-300x201.jpg 300w, https:\/\/ehpad-rochefort-en-terre.com\/wp-content\/uploads\/2020\/04\/Mme-ROLLAND-768x514.jpg 768w, https:\/\/ehpad-rochefort-en-terre.com\/wp-content\/uploads\/2020\/04\/Mme-ROLLAND-1536x1028.jpg 1536w, https:\/\/ehpad-rochefort-en-terre.com\/wp-content\/uploads\/2020\/04\/Mme-ROLLAND-2048x1371.jpg 2048w\" sizes=\"auto, (max-width: 1024px) 100vw, 1024px\" \/><\/figure><\/li><li class=\"blocks-gallery-item\"><figure><img loading=\"lazy\" decoding=\"async\" width=\"768\" height=\"1024\" src=\"https:\/\/ehpad-rochefort-en-terre.com\/wp-content\/uploads\/2020\/04\/Mme-RIVAL-D-768x1024.jpg\" alt=\"\" data-id=\"432\" data-full-url=\"https:\/\/ehpad-rochefort-en-terre.com\/wp-content\/uploads\/2020\/04\/Mme-RIVAL-D.jpg\" data-link=\"https:\/\/ehpad-rochefort-en-terre.com\/?attachment_id=432\" class=\"wp-image-432\" srcset=\"https:\/\/ehpad-rochefort-en-terre.com\/wp-content\/uploads\/2020\/04\/Mme-RIVAL-D-768x1024.jpg 768w, https:\/\/ehpad-rochefort-en-terre.com\/wp-content\/uploads\/2020\/04\/Mme-RIVAL-D-225x300.jpg 225w, https:\/\/ehpad-rochefort-en-terre.com\/wp-content\/uploads\/2020\/04\/Mme-RIVAL-D-1152x1536.jpg 1152w, https:\/\/ehpad-rochefort-en-terre.com\/wp-content\/uploads\/2020\/04\/Mme-RIVAL-D.jpg 1200w\" sizes=\"auto, (max-width: 768px) 100vw, 768px\" \/><\/figure><\/li><li class=\"blocks-gallery-item\"><figure><img loading=\"lazy\" decoding=\"async\" width=\"1024\" height=\"685\" src=\"https:\/\/ehpad-rochefort-en-terre.com\/wp-content\/uploads\/2020\/04\/Mr-CRUAUD-1024x685.jpg\" alt=\"\" data-id=\"445\" data-full-url=\"https:\/\/ehpad-rochefort-en-terre.com\/wp-content\/uploads\/2020\/04\/Mr-CRUAUD-scaled.jpg\" data-link=\"https:\/\/ehpad-rochefort-en-terre.com\/mr-cruaud\/\" class=\"wp-image-445\" srcset=\"https:\/\/ehpad-rochefort-en-terre.com\/wp-content\/uploads\/2020\/04\/Mr-CRUAUD-1024x685.jpg 1024w, https:\/\/ehpad-rochefort-en-terre.com\/wp-content\/uploads\/2020\/04\/Mr-CRUAUD-300x201.jpg 300w, https:\/\/ehpad-rochefort-en-terre.com\/wp-content\/uploads\/2020\/04\/Mr-CRUAUD-768x514.jpg 768w, https:\/\/ehpad-rochefort-en-terre.com\/wp-content\/uploads\/2020\/04\/Mr-CRUAUD-1536x1028.jpg 1536w, https:\/\/ehpad-rochefort-en-terre.com\/wp-content\/uploads\/2020\/04\/Mr-CRUAUD-2048x1371.jpg 2048w\" sizes=\"auto, (max-width: 1024px) 100vw, 1024px\" \/><\/figure><\/li><li class=\"blocks-gallery-item\"><figure><img loading=\"lazy\" decoding=\"async\" width=\"1024\" height=\"888\" src=\"https:\/\/ehpad-rochefort-en-terre.com\/wp-content\/uploads\/2020\/04\/Mme-COUPELAN-2-1024x888.jpg\" alt=\"\" data-id=\"438\" data-full-url=\"https:\/\/ehpad-rochefort-en-terre.com\/wp-content\/uploads\/2020\/04\/Mme-COUPELAN-2-scaled.jpg\" data-link=\"https:\/\/ehpad-rochefort-en-terre.com\/?attachment_id=438\" class=\"wp-image-438\" srcset=\"https:\/\/ehpad-rochefort-en-terre.com\/wp-content\/uploads\/2020\/04\/Mme-COUPELAN-2-1024x888.jpg 1024w, https:\/\/ehpad-rochefort-en-terre.com\/wp-content\/uploads\/2020\/04\/Mme-COUPELAN-2-300x260.jpg 300w, https:\/\/ehpad-rochefort-en-terre.com\/wp-content\/uploads\/2020\/04\/Mme-COUPELAN-2-768x666.jpg 768w, https:\/\/ehpad-rochefort-en-terre.com\/wp-content\/uploads\/2020\/04\/Mme-COUPELAN-2-1536x1332.jpg 1536w, https:\/\/ehpad-rochefort-en-terre.com\/wp-content\/uploads\/2020\/04\/Mme-COUPELAN-2-2048x1776.jpg 2048w\" sizes=\"auto, (max-width: 1024px) 100vw, 1024px\" \/><\/figure><\/li><\/ul><\/figure>\n\n\n\n<blockquote class=\"wp-block-quote has-text-align-center is-layout-flow wp-block-quote-is-layout-flow\"><p>Le bonheur le plus doux est celui qu&rsquo;on partage<\/p><cite>Jacques Delille<\/cite><\/blockquote>\n\n\n\n<p><\/p>\n","protected":false},"excerpt":{"rendered":"<p>Le 1er mai arrive, chaque r\u00e9sident a re\u00e7u son brin de muguet offert par Anita de l&rsquo;accueil de jour, Gwena\u00eblle, notre psychologue et des habitants de Pluherlin. Quel bonheur pour les r\u00e9sidents Mme L. nous dit : \u00ab\u00a0Vous m&rsquo;avez gu\u00e9rie, vous avez mis du bonheur dans mon c\u0153ur\u00a0\u00bb Le bonheur le plus doux est celui [&hellip;]<\/p>\n","protected":false},"author":1,"featured_media":0,"comment_status":"closed","ping_status":"closed","sticky":false,"template":"","format":"standard","meta":{"footnotes":""},"categories":[6],"tags":[],"class_list":["post-427","post","type-post","status-publish","format-standard","hentry","category-actualites-2"],"_links":{"self":[{"href":"https:\/\/ehpad-rochefort-en-terre.com\/index.php\/wp-json\/wp\/v2\/posts\/427","targetHints":{"allow":["GET"]}}],"collection":[{"href":"https:\/\/ehpad-rochefort-en-terre.com\/index.php\/wp-json\/wp\/v2\/posts"}],"about":[{"href":"https:\/\/ehpad-rochefort-en-terre.com\/index.php\/wp-json\/wp\/v2\/types\/post"}],"author":[{"embeddable":true,"href":"https:\/\/ehpad-rochefort-en-terre.com\/index.php\/wp-json\/wp\/v2\/users\/1"}],"replies":[{"embeddable":true,"href":"https:\/\/ehpad-rochefort-en-terre.com\/index.php\/wp-json\/wp\/v2\/comments?post=427"}],"version-history":[{"count":14,"href":"https:\/\/ehpad-rochefort-en-terre.com\/index.php\/wp-json\/wp\/v2\/posts\/427\/revisions"}],"predecessor-version":[{"id":450,"href":"https:\/\/ehpad-rochefort-en-terre.com\/index.php\/wp-json\/wp\/v2\/posts\/427\/revisions\/450"}],"wp:attachment":[{"href":"https:\/\/ehpad-rochefort-en-terre.com\/index.php\/wp-json\/wp\/v2\/media?parent=427"}],"wp:term":[{"taxonomy":"category","embeddable":true,"href":"https:\/\/ehpad-rochefort-en-terre.com\/index.php\/wp-json\/wp\/v2\/categories?post=427"},{"taxonomy":"post_tag","embeddable":true,"href":"https:\/\/ehpad-rochefort-en-terre.com\/index.php\/wp-json\/wp\/v2\/tags?post=427"}],"curies":[{"name":"wp","href":"https:\/\/api.w.org\/{rel}","templated":true}]}}