{"id":862,"date":"2022-03-15T11:39:44","date_gmt":"2022-03-15T10:39:44","guid":{"rendered":"https:\/\/ehpad-rochefort-en-terre.com\/?p=862"},"modified":"2022-03-15T11:39:44","modified_gmt":"2022-03-15T10:39:44","slug":"jeanne-cainjo-fete-ses-100-ans-entouree-de-sa-famille","status":"publish","type":"post","link":"https:\/\/ehpad-rochefort-en-terre.com\/index.php\/2022\/03\/15\/jeanne-cainjo-fete-ses-100-ans-entouree-de-sa-famille\/","title":{"rendered":"Jeanne CAINJO f\u00eate ses 100\u00a0ans entour\u00e9e de sa famille"},"content":{"rendered":"\n<p><strong><mark style=\"background-color:rgba(0, 0, 0, 0)\" class=\"has-inline-color has-vivid-red-color\">Ouest-France du 15 mars 2022<\/mark><\/strong><\/p>\n\n\n\n<figure class=\"wp-block-image size-full is-resized\"><img loading=\"lazy\" decoding=\"async\" src=\"https:\/\/ehpad-rochefort-en-terre.com\/wp-content\/uploads\/2022\/03\/100-ans-de-Mme-CAINJO-1.webp\" alt=\"\" class=\"wp-image-866\" width=\"470\" height=\"355\" srcset=\"https:\/\/ehpad-rochefort-en-terre.com\/wp-content\/uploads\/2022\/03\/100-ans-de-Mme-CAINJO-1.webp 940w, https:\/\/ehpad-rochefort-en-terre.com\/wp-content\/uploads\/2022\/03\/100-ans-de-Mme-CAINJO-1-300x227.webp 300w, https:\/\/ehpad-rochefort-en-terre.com\/wp-content\/uploads\/2022\/03\/100-ans-de-Mme-CAINJO-1-768x580.webp 768w\" sizes=\"auto, (max-width: 470px) 100vw, 470px\" \/><figcaption><em>Jeanne CAINJO a f\u00eat\u00e9, dimanche apr\u00e8s-midi, son centi\u00e8me anniversaire entour\u00e9e de sa famille, \u00e0 l\u2019Ehpad de Grand Jardin<\/em><\/figcaption><\/figure>\n\n\n\n<p>C\u2019est entour\u00e9e de sa fille, de ses neveux et ni\u00e8ces et de sa famille que Jeanne Cainjo a f\u00eat\u00e9e, dimanche apr\u00e8s-midi, son centi\u00e8me anniversaire, \u00e0 l\u2019Ehpad de Grand Jardin.<\/p>\n\n\n\n<p>N\u00e9e le 13&nbsp;mars 1922 \u00e0 Surzur, Jeanne Le Pendu \u00e9pouse Louis CAINJO avec qui elle aura une fille, Mariannick. La famille s\u2019installe \u00e0 la ferme de Le Goursaho \u00e0 Surzur. Veuve \u00e0 45&nbsp;ans, Jeanne restera travailler dans cette ferme avec sa fille.<\/p>\n\n\n\n<p>Le temps venu, elle prendra une retraite bien m\u00e9rit\u00e9e au bourg de Surzur, jusqu\u2019\u00e0 son entr\u00e9e \u00e0 l\u2019Ehpad de Grand Jardin, il y a un an.<\/p>\n\n\n\n<p>Amatrice de belote, supportrice de l\u2019\u00e9quipe de foot locale, Jeanne a une vie bien remplie et rythm\u00e9e, toujours attentive au bien-\u00eatre des siens.<\/p>\n","protected":false},"excerpt":{"rendered":"<p>Ouest-France du 15 mars 2022 C\u2019est entour\u00e9e de sa fille, de ses neveux et ni\u00e8ces et de sa famille que Jeanne Cainjo a f\u00eat\u00e9e, dimanche apr\u00e8s-midi, son centi\u00e8me anniversaire, \u00e0 l\u2019Ehpad de Grand Jardin. N\u00e9e le 13&nbsp;mars 1922 \u00e0 Surzur, Jeanne Le Pendu \u00e9pouse Louis CAINJO avec qui elle aura une fille, Mariannick. La famille [&hellip;]<\/p>\n","protected":false},"author":1,"featured_media":0,"comment_status":"open","ping_status":"open","sticky":false,"template":"","format":"standard","meta":{"footnotes":""},"categories":[7],"tags":[],"class_list":["post-862","post","type-post","status-publish","format-standard","hentry","category-article-presse"],"_links":{"self":[{"href":"https:\/\/ehpad-rochefort-en-terre.com\/index.php\/wp-json\/wp\/v2\/posts\/862","targetHints":{"allow":["GET"]}}],"collection":[{"href":"https:\/\/ehpad-rochefort-en-terre.com\/index.php\/wp-json\/wp\/v2\/posts"}],"about":[{"href":"https:\/\/ehpad-rochefort-en-terre.com\/index.php\/wp-json\/wp\/v2\/types\/post"}],"author":[{"embeddable":true,"href":"https:\/\/ehpad-rochefort-en-terre.com\/index.php\/wp-json\/wp\/v2\/users\/1"}],"replies":[{"embeddable":true,"href":"https:\/\/ehpad-rochefort-en-terre.com\/index.php\/wp-json\/wp\/v2\/comments?post=862"}],"version-history":[{"count":5,"href":"https:\/\/ehpad-rochefort-en-terre.com\/index.php\/wp-json\/wp\/v2\/posts\/862\/revisions"}],"predecessor-version":[{"id":869,"href":"https:\/\/ehpad-rochefort-en-terre.com\/index.php\/wp-json\/wp\/v2\/posts\/862\/revisions\/869"}],"wp:attachment":[{"href":"https:\/\/ehpad-rochefort-en-terre.com\/index.php\/wp-json\/wp\/v2\/media?parent=862"}],"wp:term":[{"taxonomy":"category","embeddable":true,"href":"https:\/\/ehpad-rochefort-en-terre.com\/index.php\/wp-json\/wp\/v2\/categories?post=862"},{"taxonomy":"post_tag","embeddable":true,"href":"https:\/\/ehpad-rochefort-en-terre.com\/index.php\/wp-json\/wp\/v2\/tags?post=862"}],"curies":[{"name":"wp","href":"https:\/\/api.w.org\/{rel}","templated":true}]}}